[{"@context":"https:\/\/schema.org\/","@type":"Article","@id":"https:\/\/www.orlobus.cz\/kdyz-teple-dny-odezni\/#Article","mainEntityOfPage":"https:\/\/www.orlobus.cz\/kdyz-teple-dny-odezni\/","headline":"Kdy\u017e tepl\u00e9 dny odezn\u00ed","name":"Kdy\u017e tepl\u00e9 dny odezn\u00ed","description":"U\u017e si zase nemus\u00edte hl\u00eddat svoji postavu, u\u017e m\u016f\u017eete zase t\u011bch p\u00e1r \u0161p\u00ed\u010dk\u016f nav\u00edc ukr\u00fdt pod voln\u00e9 a pohodln\u00e9 oble\u010den\u00ed. Netroufnete-li si na obta\u017een\u00e9 oble\u010den\u00ed, m\u016f\u017eete vyrazit i v n\u011b\u010dem voln\u011bj\u0161\u00edm, alespo\u0148 tak skryjeme p\u00e1r kilo nav\u00edc! D\u00e1msk\u00e1 m\u00f3da je kr\u00e1sn\u00e1 v ka\u017ed\u00e9m ro\u010dn\u00edm obdob\u00ed. Samoz\u0159ejm\u011b letn\u00ed \u0161ati\u010dky a odhalen\u00e1 ramena a dekolty ud\u011blaj\u00ed sv\u00e9,...","datePublished":"2025-09-05","dateModified":"2025-09-05","author":{"@type":"Person","@id":"https:\/\/www.orlobus.cz\/author\/#Person","name":"","url":"https:\/\/www.orlobus.cz\/author\/","identifier":1,"image":{"@type":"ImageObject","@id":"https:\/\/secure.gravatar.com\/avatar\/2d2764a424a89ac38785df784051989f5c5cb264a2405c7e5d24c1907a83f0fb?s=96&d=mm&r=g","url":"https:\/\/secure.gravatar.com\/avatar\/2d2764a424a89ac38785df784051989f5c5cb264a2405c7e5d24c1907a83f0fb?s=96&d=mm&r=g","height":96,"width":96}},"publisher":{"@type":"Organization","name":"orlobus.cz","logo":{"@type":"ImageObject","@id":"\/logo.png","url":"\/logo.png","width":600,"height":60}},"url":"https:\/\/www.orlobus.cz\/kdyz-teple-dny-odezni\/","wordCount":188,"articleBody":"U\u017e si zase nemus\u00edte hl\u00eddat svoji postavu, u\u017e m\u016f\u017eete zase t\u011bch p\u00e1r \u0161p\u00ed\u010dk\u016f nav\u00edc ukr\u00fdt pod voln\u00e9 a pohodln\u00e9 oble\u010den\u00ed. Netroufnete-li si na obta\u017een\u00e9 oble\u010den\u00ed, m\u016f\u017eete vyrazit i v n\u011b\u010dem voln\u011bj\u0161\u00edm, alespo\u0148 tak skryjeme p\u00e1r kilo nav\u00edc! D\u00e1msk\u00e1 m\u00f3da je kr\u00e1sn\u00e1 v ka\u017ed\u00e9m ro\u010dn\u00edm obdob\u00ed. Samoz\u0159ejm\u011b letn\u00ed \u0161ati\u010dky a odhalen\u00e1 ramena a dekolty ud\u011blaj\u00ed sv\u00e9, ale i v zim\u011b se nech\u00e1 vkusn\u011b a l\u00e1kav\u011b obl\u00e9knout, jen se mus\u00ed v\u011bd\u011bt, jak na to! Pod\u00edvejte se na n\u011bjak\u00e9 weby \u010di blogy, kde uvid\u00edte inspiraci a i pro v\u00e1s bude rozhodov\u00e1n\u00ed o n\u00e1kupu nov\u00fdch modern\u00edch kousk\u016f jednodu\u0161\u0161\u00ed. N\u00e1kupy nejen pro jednu sez\u00f3nu D\u00e1msk\u00e1 m\u00f3da na v\u00e1s sice vol\u00e1 z ka\u017ed\u00e9ho rohu, z ka\u017ed\u00e9 tr\u017enice \u010di secondhandu. Neberte v\u0161e, nenakupujte bezhlav\u011b, vyb\u00edrejte si skute\u010dn\u011b jen ty nejpoveden\u011bj\u0161\u00ed kousky, kter\u00e9 v\u00e1m ud\u011blaj\u00ed radost ne jen pro jednu sez\u00f3nu.                                                                                                                                                                                                                                                                                                                                                                                                "},{"@context":"https:\/\/schema.org\/","@type":"BreadcrumbList","itemListElement":[{"@type":"ListItem","position":1,"name":"Kdy\u017e tepl\u00e9 dny odezn\u00ed","item":"https:\/\/www.orlobus.cz\/kdyz-teple-dny-odezni\/#breadcrumbitem"}]}]