[{"@context":"https:\/\/schema.org\/","@type":"Article","@id":"https:\/\/www.orlobus.cz\/tri-a-viac-v-jednom\/#Article","mainEntityOfPage":"https:\/\/www.orlobus.cz\/tri-a-viac-v-jednom\/","headline":"Tri a viac v jednom","name":"Tri a viac v jednom","description":"Ke\u010f dnes kupujete detsk\u00fd ko\u010d\u00edk, obvykle u\u017e nek\u00fapite len hlbok\u00fa korbu, ale k\u00a0tomu aj ve\u013ek\u00e9 mno\u017estvo r\u00f4znych n\u00e1stavcov, ktor\u00e9 zabezpe\u010dia, \u017ee k\u00fdm die\u0165a vyrastie, nebudete potrebova\u0165 u\u017e ni\u010d in\u00e9 na jeho presun. S\u00fa\u010das\u0165ou je samozrejme aj autoseda\u010dka, ktor\u00e1 sa d\u00e1 bez probl\u00e9mov pripn\u00fa\u0165 na koles\u00e1, tak\u017ee nemus\u00edte spiaceho potomka pri vykladan\u00ed z\u00a0vozidla nikam pres\u00fava\u0165. Praktick\u00e9...","datePublished":"2023-11-09","dateModified":"2023-11-09","author":{"@type":"Person","@id":"https:\/\/www.orlobus.cz\/author\/#Person","name":"","url":"https:\/\/www.orlobus.cz\/author\/","identifier":1,"image":{"@type":"ImageObject","@id":"https:\/\/secure.gravatar.com\/avatar\/2d2764a424a89ac38785df784051989f5c5cb264a2405c7e5d24c1907a83f0fb?s=96&d=mm&r=g","url":"https:\/\/secure.gravatar.com\/avatar\/2d2764a424a89ac38785df784051989f5c5cb264a2405c7e5d24c1907a83f0fb?s=96&d=mm&r=g","height":96,"width":96}},"publisher":{"@type":"Organization","name":"orlobus.cz","logo":{"@type":"ImageObject","@id":"\/logo.png","url":"\/logo.png","width":600,"height":60}},"url":"https:\/\/www.orlobus.cz\/tri-a-viac-v-jednom\/","wordCount":249,"articleBody":"\tKe\u010f dnes kupujete detsk\u00fd ko\u010d\u00edk, obvykle u\u017e nek\u00fapite len hlbok\u00fa korbu, ale k\u00a0tomu aj ve\u013ek\u00e9 mno\u017estvo r\u00f4znych n\u00e1stavcov, ktor\u00e9 zabezpe\u010dia, \u017ee k\u00fdm die\u0165a vyrastie, nebudete potrebova\u0165 u\u017e ni\u010d in\u00e9 na jeho presun. S\u00fa\u010das\u0165ou je samozrejme aj autoseda\u010dka, ktor\u00e1 sa d\u00e1 bez probl\u00e9mov pripn\u00fa\u0165 na koles\u00e1, tak\u017ee nemus\u00edte spiaceho potomka pri vykladan\u00ed z\u00a0vozidla nikam pres\u00fava\u0165. Praktick\u00e9 a\u017e geni\u00e1lne z\u00e1rove\u0148, v\u0161ak?\tChce to zmeni\u0165 pr\u00edstupCelkovo sa na prv\u00fd poh\u013ead m\u00f4\u017ee zda\u0165, \u017ee je dne\u0161n\u00e1 doba rodi\u010dovstvu dos\u0165 naklonen\u00e1. Mo\u017eno trochu \u00e1no, ale odtia\u013e potia\u013e. Ak m\u00e1te die\u0165a, hlavne\u00a0 nesmiete o\u010dak\u00e1va\u0165, \u017ee va\u0161a pr\u00edtomnos\u0165 s\u00a0n\u00edm bude s\u00a0dychtivos\u0165ou o\u010dak\u00e1van\u00e1 v\u00a0be\u017en\u00fdch re\u0161taur\u00e1ci\u00e1ch \u010di kaviar\u0148ach. Vo v\u00e4\u010d\u0161ine z\u00a0nich nie je \u017eiadne z\u00e1zemie a\u00a0rovnako ani person\u00e1l nie je naklonen\u00fd najmen\u0161\u00edm n\u00e1v\u0161tevn\u00edkom. O\u00a0detskom k\u00fatiku samozrejme m\u00f4\u017eete len sn\u00edva\u0165.\u00a0 Neviem, pre\u010do s\u00fa prev\u00e1dzkovatelia t\u00fdchto podnikov sami proti sebe. Kto in\u00fd ako matky, resp. rodi\u010dia na rodi\u010dovskej dovolenke maj\u00fa to\u013eko \u010dasu, aby tr\u00e1vili \u010das v\u00a0ich podnikoch? N\u00fati ich k\u00a0tomu aj soci\u00e1lna izol\u00e1cia, ktor\u00e1 samozrejme nutne nast\u00e1va pri staran\u00ed sa o\u00a0potomka. Ver\u00edm, \u017ee raz to pochopia a\u00a0hne\u010f bude na svete lep\u0161ie.                                                                                                                                                                                                                                                                                                                                                                                        4.1\/5 - (8 votes)        "},{"@context":"https:\/\/schema.org\/","@type":"BreadcrumbList","itemListElement":[{"@type":"ListItem","position":1,"name":"Tri a viac v jednom","item":"https:\/\/www.orlobus.cz\/tri-a-viac-v-jednom\/#breadcrumbitem"}]}]