[{"@context":"https:\/\/schema.org\/","@type":"Article","@id":"https:\/\/www.orlobus.cz\/tristni-situace-v-socialnich-sluzbach\/#Article","mainEntityOfPage":"https:\/\/www.orlobus.cz\/tristni-situace-v-socialnich-sluzbach\/","headline":"Tristn\u00ed situace v soci\u00e1ln\u00edch slu\u017eb\u00e1ch","name":"Tristn\u00ed situace v soci\u00e1ln\u00edch slu\u017eb\u00e1ch","description":"Zdravotn\u00ed listy p\u0159i\u0161li se \u0161okuj\u00edc\u00ed zpr\u00e1vou, \u017ee situace v soci\u00e1ln\u00edch slu\u017eb\u00e1ch je situace v\u00e1\u017en\u00e1. Obavy z krize jsou bezp\u0159edm\u011btn\u00e9. Nen\u00ed t\u0159eba se b\u00e1t, \u017ee nastane krize, krize toti\u017e ji\u017e d\u00e1vno nastala. Krize jm\u00e9nem person\u00e1ln\u00ed katastrofa. Lid\u00e9 v soci\u00e1ln\u00edch slu\u017eb\u00e1ch jsou tak mizern\u011b placeni, \u017ee doch\u00e1z\u00ed k nadpr\u016fm\u011brn\u00e9 fluktuaci zam\u011bstnanc\u016f a v domovech pro seniory, azylov\u00fdch...","datePublished":"2023-05-11","dateModified":"2023-05-11","author":{"@type":"Person","@id":"https:\/\/www.orlobus.cz\/author\/#Person","name":"","url":"https:\/\/www.orlobus.cz\/author\/","identifier":1,"image":{"@type":"ImageObject","@id":"https:\/\/secure.gravatar.com\/avatar\/2d2764a424a89ac38785df784051989f5c5cb264a2405c7e5d24c1907a83f0fb?s=96&d=mm&r=g","url":"https:\/\/secure.gravatar.com\/avatar\/2d2764a424a89ac38785df784051989f5c5cb264a2405c7e5d24c1907a83f0fb?s=96&d=mm&r=g","height":96,"width":96}},"publisher":{"@type":"Organization","name":"orlobus.cz","logo":{"@type":"ImageObject","@id":"\/logo.png","url":"\/logo.png","width":600,"height":60}},"url":"https:\/\/www.orlobus.cz\/tristni-situace-v-socialnich-sluzbach\/","wordCount":504,"articleBody":"Zdravotn\u00ed listy p\u0159i\u0161li se \u0161okuj\u00edc\u00ed zpr\u00e1vou, \u017ee situace v soci\u00e1ln\u00edch slu\u017eb\u00e1ch je situace v\u00e1\u017en\u00e1. Obavy z krize jsou bezp\u0159edm\u011btn\u00e9. Nen\u00ed t\u0159eba se b\u00e1t, \u017ee nastane krize, krize toti\u017e ji\u017e d\u00e1vno nastala. Krize jm\u00e9nem person\u00e1ln\u00ed katastrofa.Lid\u00e9 v soci\u00e1ln\u00edch slu\u017eb\u00e1ch jsou tak mizern\u011b placeni, \u017ee doch\u00e1z\u00ed k nadpr\u016fm\u011brn\u00e9 fluktuaci zam\u011bstnanc\u016f a v domovech pro seniory, azylov\u00fdch domech, centrech pro zdravotn\u011b posti\u017een\u00e9, stacion\u00e1\u0159\u00edch a dal\u0161\u00edch za\u0159\u00edzen\u00edch nem\u00e1 kdo pracovat. Finan\u010dn\u00ed ohodnocen\u00ed je mizern\u00e9, pr\u00e1ce psychicky i fyzicky n\u00e1ro\u010dn\u00e1. I prodava\u010dky nap\u0159\u00edklad v L\u00eddlu, berou podstatn\u011b v\u011bt\u0161\u00ed pen\u00edze, nemluv\u011b o pr\u016fmyslov\u00fdch z\u00f3n\u00e1ch.\u00a0To nutn\u011b vede k mnoha z\u00e1va\u017en\u00fdm jev\u016fm.\t\tJe nutn\u00e9 sni\u017eovat kapacitu v jednotliv\u00fdch za\u0159\u00edzen\u00edch, proto\u017ee chyb\u00ed person\u00e1l. Jedn\u00e1 se ov\u0161em o lidi pot\u0159ebn\u00e9, o kter\u00e9 se rodina nejen\u017ee nechce, ale \u010dasto ani nem\u016f\u017ee postarat, proto\u017ee p\u00e9\u010de je nap\u0159\u00edklad tak n\u00e1ro\u010dn\u00e1 a specifick\u00e1. Nemluv\u011b o tom, \u017ee ka\u017ed\u00e9 za\u0159\u00edzen\u00ed m\u00e1 zna\u010dn\u00e9 mno\u017estv\u00ed \u017eadatel\u016f \u010dekatel\u016f, kte\u0159\u00ed tak\u00e9 nal\u00e9hav\u011b pot\u0159ebuj\u00ed ur\u010dit\u00e9 slu\u017eby.\t\tU\u017eivatel\u016fm soci\u00e1ln\u00edch slu\u017eeb se dost\u00e1v\u00e1 jen t\u00e9 nejz\u00e1kladn\u011bj\u0161\u00ed p\u00e9\u010de jako hygiena, podpora sebeobslu\u017en\u00fdch \u010dinnost\u00ed, pomoc p\u0159i j\u00eddle. Na dal\u0161\u00ed \u010dinnosti jako proch\u00e1zka nebo aktiviza\u010dn\u00ed \u010dinnosti u\u017e nezb\u00fdv\u00e1 ani \u010das ani prostor. Kvalita \u017eivota u\u017eivatel\u016f soci\u00e1ln\u00edch slu\u017eeb tak nutn\u011b kles\u00e1.\t\tNedostatek person\u00e1lu je \u0159e\u0161en t\u00edm, \u017ee jsou kladeny st\u00e1le ni\u017e\u0161\u00ed a ni\u017e\u0161\u00ed po\u017eadavky na person\u00e1l. Na pracovi\u0161t\u011b se tak dost\u00e1vaj\u00ed lid\u00e9, kte\u0159\u00ed nemaj\u00ed pot\u0159ebnou kvalifikaci a nejz\u00e1kladn\u011bj\u0161\u00ed kurz si d\u011blaj\u00ed a\u017e v pr\u016fb\u011bhu n\u00e1stupu do zam\u011bstn\u00e1n\u00ed a z\u00e1rove\u0148 lid\u00e9, kte\u0159\u00ed o pr\u00e1ci nemaj\u00ed z\u00e1jem a tud\u00ed\u017e nejsou ochotni vykazovat n\u011bjak\u00fd alespo\u0148 mal\u00fd nadstandard.\u00a0\tVy\u0161\u0161\u00ed platy jako odpov\u011b\u010f?Vy\u0159e\u0161ili by to vy\u0161\u0161\u00ed platy? Nen\u00ed probl\u00e9m trochu jinde? D\u0159\u00edve pracovali v soci\u00e1ln\u00edch slu\u017eb\u00e1ch p\u0159edev\u0161\u00edmkvalifikovan\u00ed lid\u00e9 s odborn\u00fdm st\u0159edo\u0161kolsk\u00fdm nebo vysoko\u0161kolsk\u00fdm vzd\u011bl\u00e1n\u00edm. To sice p\u0159in\u00e1\u0161elo vy\u0161\u0161\u00ed finan\u010dn\u00ed v\u00fddaje, ale odborn\u00edci vykazovali odbornou pr\u00e1ci a osobn\u00ed z\u00e1jem. Ov\u0161em v r\u00e1mci \u0161et\u0159en\u00ed se odborn\u00fd person\u00e1l eliminoval a m\u00edsto odborn\u00edk\u016f p\u0159ich\u00e1zeli lid\u00e9 s m\u00e9n\u011b odborn\u00fdm vzd\u011bl\u00e1n\u00edm a ni\u017e\u0161\u00ed profesn\u00ed motivac\u00ed, kter\u00e1 vede k odlivu i toho neodborn\u00e9ho person\u00e1lu. Zd\u00e1nliv\u011b se u\u0161et\u0159ilo, ale kvalita slu\u017eeb se postupem \u010dasu za\u010dala hroutit. D\u00e1vno ztratila svou presti\u017e. Co s t\u00edm zodpov\u011bdn\u00ed lid\u00e9 ud\u011blaj\u00ed? Nikdy nikdo nev\u00ed, jak\u00e9 slu\u017eby bude s\u00e1m pot\u0159ebovat.                                                                                                                                                                                                                                                                                                                                                                                        3.9\/5 - (11 votes)        "},{"@context":"https:\/\/schema.org\/","@type":"BreadcrumbList","itemListElement":[{"@type":"ListItem","position":1,"name":"Tristn\u00ed situace v soci\u00e1ln\u00edch slu\u017eb\u00e1ch","item":"https:\/\/www.orlobus.cz\/tristni-situace-v-socialnich-sluzbach\/#breadcrumbitem"}]}]